{"id":2552,"date":"2023-06-15T15:00:44","date_gmt":"2023-06-15T14:00:44","guid":{"rendered":"https:\/\/ertlbutor.hu\/2023\/06\/unsere-firmengruppe-und-der-umweltschutz\/"},"modified":"2023-06-16T13:15:58","modified_gmt":"2023-06-16T12:15:58","slug":"unsere-firmengruppe-und-der-umweltschutz","status":"publish","type":"post","link":"https:\/\/ertlbutor.hu\/de\/2023\/06\/unsere-firmengruppe-und-der-umweltschutz\/","title":{"rendered":"Unsere Firmengruppe und der Umweltschutz"},"content":{"rendered":"<section class=\"wpb-content-wrapper\"><p>[vc_row row_height_percent=&#8220;0&#8243; override_padding=&#8220;yes&#8220; h_padding=&#8220;2&#8243; top_padding=&#8220;4&#8243; bottom_padding=&#8220;2&#8243; overlay_alpha=&#8220;50&#8243; gutter_size=&#8220;3&#8243; column_width_use_pixel=&#8220;yes&#8220; shift_y=&#8220;0&#8243; z_index=&#8220;0&#8243; uncode_shortcode_id=&#8220;665222&#8243;][vc_column column_width_use_pixel=&#8220;yes&#8220; gutter_size=&#8220;3&#8243; overlay_alpha=&#8220;50&#8243; shift_x=&#8220;0&#8243; shift_y=&#8220;0&#8243; shift_y_down=&#8220;0&#8243; z_index=&#8220;0&#8243; medium_width=&#8220;0&#8243; mobile_width=&#8220;0&#8243; width=&#8220;1\/1&#8243; uncode_shortcode_id=&#8220;112368&#8243; column_width_pixel=&#8220;700&#8243;][vc_column_text uncode_shortcode_id=&#8220;456808&#8243;]<\/p>\n<p style=\"text-align: justify;\">Auch die M\u00f6belindustrie ist eine Industriebranche, die sowohl im Handel als auch in der Produktion, gro\u00dfe Menge von Energiequellen und nat\u00fcrlichen Ressourcen verbraucht. Neben der st\u00e4ndigen Entwicklung unserer Firma haben wir das Gef\u00fchl, dass wir immer mehr Wert auch auf umweltbedingte Herausforderungen legen m\u00fcssen. Neben der st\u00e4ndigen Entwicklung unserer Firma haben wir das Gef\u00fchl, dass wir immer mehr Wert auch auf umweltbedingte Herausforderungen legen m\u00fcssen.  Wir sind sicher, dass wir mit dieser Einstellung viel f\u00fcr den Umweltschutz erreichen k\u00f6nnen. Au\u00dferdem glauben wir daran, dass wir mit dieser Denkweise unseren Kollegen und Partnern gleicherweise mit gutem Beispiel vorangehen k\u00f6nnen. Auch der Einsatz von Elektrofahrzeugen und Solarsystemen geh\u00f6rt zum Umweltschutz.<\/p>\n<p>          <img decoding=\"async\" class=\"alignright wp-image-2526\" src=\"https:\/\/ertlbutor.hu\/wp-content\/uploads\/2023\/06\/elektromos-autok-hasznalata-300x169.jpg\" alt=\"\" width=\"350\" height=\"197\" srcset=\"https:\/\/ertlbutor.hu\/wp-content\/uploads\/2023\/06\/elektromos-autok-hasznalata-300x169.jpg 300w, https:\/\/ertlbutor.hu\/wp-content\/uploads\/2023\/06\/elektromos-autok-hasznalata-1024x576.jpg 1024w, https:\/\/ertlbutor.hu\/wp-content\/uploads\/2023\/06\/elektromos-autok-hasznalata-768x432.jpg 768w, https:\/\/ertlbutor.hu\/wp-content\/uploads\/2023\/06\/elektromos-autok-hasznalata-1536x864.jpg 1536w, https:\/\/ertlbutor.hu\/wp-content\/uploads\/2023\/06\/elektromos-autok-hasznalata-350x197.jpg 350w, https:\/\/ertlbutor.hu\/wp-content\/uploads\/2023\/06\/elektromos-autok-hasznalata.jpg 1920w\" sizes=\"(max-width: 350px) 100vw, 350px\" \/><\/p>\n<p style=\"text-align: justify;\">Die Benutzung der Elektrofahrzeuge ist ein wichtiger Faktor hinsichtlich der nachhaltigen Entwicklung. Seine Schadstoffemission ist minimal, so dass auch der \u00f6kologische Fu\u00dfabdruck gesenkt wird. Die Fahrzeugflotte unserer Firma wird auf Elektrofahrzeuge umgestellt.<\/p>\n<p style=\"text-align: justify;\">Die Benutzung der Elektrokarren hat viele Vorteile. Anstatt der traditionellen Verbrennungsmotoren gebrauchen sie elektrische umweltfreundliche Energiequellen und ihre Emission ist nicht so sch\u00e4dlich, wie bei den gew\u00f6hnlichen Karren. Die Elektrokarren funktionieren mit niedrigerem Ger\u00e4uschpegel und helfen dabei, effektiver zu arbeiten.<\/p>\n<p>          <img decoding=\"async\" class=\"alignright wp-image-2523\" src=\"https:\/\/ertlbutor.hu\/wp-content\/uploads\/2023\/06\/napelemek-hasznalata-300x200.jpg\" alt=\"\" width=\"350\" height=\"233\" srcset=\"https:\/\/ertlbutor.hu\/wp-content\/uploads\/2023\/06\/napelemek-hasznalata-300x200.jpg 300w, https:\/\/ertlbutor.hu\/wp-content\/uploads\/2023\/06\/napelemek-hasznalata-1024x683.jpg 1024w, https:\/\/ertlbutor.hu\/wp-content\/uploads\/2023\/06\/napelemek-hasznalata-768x512.jpg 768w, https:\/\/ertlbutor.hu\/wp-content\/uploads\/2023\/06\/napelemek-hasznalata-1536x1024.jpg 1536w, https:\/\/ertlbutor.hu\/wp-content\/uploads\/2023\/06\/napelemek-hasznalata-350x233.jpg 350w, https:\/\/ertlbutor.hu\/wp-content\/uploads\/2023\/06\/napelemek-hasznalata.jpg 1920w\" sizes=\"(max-width: 350px) 100vw, 350px\" \/><\/p>\n<p style=\"text-align: justify;\">Die Benutzung der Solarzellen spielt auch in der M\u00f6belindustrie eine wichtige Rolle f\u00fcr die Verwirklichung der nachhaltigen Entwicklung. Die Energie, die mit den Solarzellen produziert wird, senkt die Energieverwendung der M\u00f6belindustrie und dadurch senkt die Umweltauswirkungen. Wir erweitern nacheinander folgend unseren Solarzellenpark, damit k\u00f6nnen wir bei unserer Firma die erneuerbare Energieverwendung sowohl f\u00fcr unsere Karren als auch f\u00fcr unsere Fahrzeugflotte sichern.<\/p>\n<p style=\"text-align: justify;\">Unsere positive Haltung zum Umweltschutz wird auch durch das FSC-Zertifikat bewiesen, welches uns im Sommer 2022 verliehen wurde.  Dar\u00fcber kann man <span style=\"text-decoration: underline;\"><a href=\"https:\/\/ertlbutor.hu\/de\/2023\/05\/fsc-zertifikat-engagement-fuer-den-umweltschutz-und-die-nachhaltigkeit\/\">hier<\/a><\/span> detaillierter lesen.<\/p>\n<p>[\/vc_column_text][\/vc_column][\/vc_row]<\/p>\n<\/section>","protected":false},"excerpt":{"rendered":"<p>Neben der st\u00e4ndigen Entwicklung unserer Firma haben wir das Gef\u00fchl, dass wir immer mehr Wert auch auf umweltbedingte Herausforderungen legen m\u00fcssen. <\/p>\n","protected":false},"author":3,"featured_media":2529,"comment_status":"open","ping_status":"open","sticky":false,"template":"","format":"standard","meta":{"_seopress_robots_primary_cat":"none","_seopress_titles_title":"","_seopress_titles_desc":"","_seopress_robots_index":"","om_disable_all_campaigns":false,"_monsterinsights_skip_tracking":false,"_monsterinsights_sitenote_active":false,"_monsterinsights_sitenote_note":"","_monsterinsights_sitenote_category":0,"_uf_show_specific_survey":0,"_uf_disable_surveys":false,"footnotes":""},"categories":[83],"tags":[],"class_list":["post-2552","post","type-post","status-publish","format-standard","has-post-thumbnail","hentry","category-news-de"],"aioseo_notices":[],"_links":{"self":[{"href":"https:\/\/ertlbutor.hu\/de\/wp-json\/wp\/v2\/posts\/2552","targetHints":{"allow":["GET"]}}],"collection":[{"href":"https:\/\/ertlbutor.hu\/de\/wp-json\/wp\/v2\/posts"}],"about":[{"href":"https:\/\/ertlbutor.hu\/de\/wp-json\/wp\/v2\/types\/post"}],"author":[{"embeddable":true,"href":"https:\/\/ertlbutor.hu\/de\/wp-json\/wp\/v2\/users\/3"}],"replies":[{"embeddable":true,"href":"https:\/\/ertlbutor.hu\/de\/wp-json\/wp\/v2\/comments?post=2552"}],"version-history":[{"count":6,"href":"https:\/\/ertlbutor.hu\/de\/wp-json\/wp\/v2\/posts\/2552\/revisions"}],"predecessor-version":[{"id":2593,"href":"https:\/\/ertlbutor.hu\/de\/wp-json\/wp\/v2\/posts\/2552\/revisions\/2593"}],"wp:featuredmedia":[{"embeddable":true,"href":"https:\/\/ertlbutor.hu\/de\/wp-json\/wp\/v2\/media\/2529"}],"wp:attachment":[{"href":"https:\/\/ertlbutor.hu\/de\/wp-json\/wp\/v2\/media?parent=2552"}],"wp:term":[{"taxonomy":"category","embeddable":true,"href":"https:\/\/ertlbutor.hu\/de\/wp-json\/wp\/v2\/categories?post=2552"},{"taxonomy":"post_tag","embeddable":true,"href":"https:\/\/ertlbutor.hu\/de\/wp-json\/wp\/v2\/tags?post=2552"}],"curies":[{"name":"wp","href":"https:\/\/api.w.org\/{rel}","templated":true}]}}